{"id":4171,"date":"2026-04-24T15:44:25","date_gmt":"2026-04-24T15:44:25","guid":{"rendered":"https:\/\/www.bibliotecamunicipaldeconcepcion.cl\/?p=4171"},"modified":"2026-04-28T19:50:47","modified_gmt":"2026-04-28T19:50:47","slug":"mes-del-libro-biblioteca-municipal-de-concepcion-realiza-visitas-guiadas-para-estudiantes","status":"publish","type":"post","link":"https:\/\/www.bibliotecamunicipaldeconcepcion.cl\/index.php\/2026\/04\/24\/mes-del-libro-biblioteca-municipal-de-concepcion-realiza-visitas-guiadas-para-estudiantes\/","title":{"rendered":"Mes del libro: Biblioteca Municipal de Concepci\u00f3n realiza visitas guiadas para estudiantes"},"content":{"rendered":"\n<p>Los estudiantes de la Escuela Manuel Amat y Juniet, de Hualqui, visitaron la Biblioteca Municipal de Concepci\u00f3n en el marco del mes del libro, para aprender m\u00e1s sobre su funcionamiento y los distintos servicios que ofrece.<\/p>\n\n\n\n<p>Fue as\u00ed que, entre disfraces de personajes ic\u00f3nicos y libros, los asistentes pudieron aprender sobre el funcionamiento de la Biblioteca y sus distintas divisiones, adem\u00e1s de los servicios y actividades que esta misma ofrece.<\/p>\n\n\n\n<p>Instancias como esta buscan educar y visibilizar el rol institucional que se tiene como espacio de cultura y aprendizaje, en el cual se pueden realizar diversas actividades como pedir prestados libros y juegos de mesa, utilizar computadores de forma gratuita, disfrutar de muestras art\u00edsticas, aprender sobre la historia de la ciudad y asistir a charlas y talleres de diversas \u00edndoles.<\/p>\n\n\n\n<p>Cabe destacar que, si bien han aumentado las visitas en el marco del mes del libro, estas son calendarizadas de forma regular durante todo el a\u00f1o para los establecimientos que quieran traer a sus estudiantes, para hacerlo deben solicitar agenda al mail: mediacioneducacionalbjtm@semco.cl<\/p>\n\n\n\n<p>De esta forma, la Biblioteca reafirma su rol como espacio p\u00fablico disponible para las personas de todas las edades, y su compromiso con las comunidades educativas para fomentar la lectura y el aprendizaje de forma l\u00fadica y din\u00e1mica, con el objetivo integrar a las nuevas generaciones a la red de usuarios que se distribuye por toda la regi\u00f3n.&nbsp;<\/p>\n","protected":false},"excerpt":{"rendered":"<p>Los estudiantes de la Escuela Manuel Amat y Juniet, de Hualqui, visitaron la Biblioteca Municipal de Concepci\u00f3n en el marco del mes del libro, para aprender<span class=\"excerpt-hellip\"> [\u2026]<\/span><\/p>\n","protected":false},"author":1,"featured_media":4173,"comment_status":"closed","ping_status":"closed","sticky":false,"template":"","format":"standard","meta":{"footnotes":""},"categories":[1],"tags":[],"class_list":["post-4171","post","type-post","status-publish","format-standard","has-post-thumbnail","hentry","category-sin-categoria"],"_links":{"self":[{"href":"https:\/\/www.bibliotecamunicipaldeconcepcion.cl\/index.php\/wp-json\/wp\/v2\/posts\/4171","targetHints":{"allow":["GET"]}}],"collection":[{"href":"https:\/\/www.bibliotecamunicipaldeconcepcion.cl\/index.php\/wp-json\/wp\/v2\/posts"}],"about":[{"href":"https:\/\/www.bibliotecamunicipaldeconcepcion.cl\/index.php\/wp-json\/wp\/v2\/types\/post"}],"author":[{"embeddable":true,"href":"https:\/\/www.bibliotecamunicipaldeconcepcion.cl\/index.php\/wp-json\/wp\/v2\/users\/1"}],"replies":[{"embeddable":true,"href":"https:\/\/www.bibliotecamunicipaldeconcepcion.cl\/index.php\/wp-json\/wp\/v2\/comments?post=4171"}],"version-history":[{"count":2,"href":"https:\/\/www.bibliotecamunicipaldeconcepcion.cl\/index.php\/wp-json\/wp\/v2\/posts\/4171\/revisions"}],"predecessor-version":[{"id":4174,"href":"https:\/\/www.bibliotecamunicipaldeconcepcion.cl\/index.php\/wp-json\/wp\/v2\/posts\/4171\/revisions\/4174"}],"wp:featuredmedia":[{"embeddable":true,"href":"https:\/\/www.bibliotecamunicipaldeconcepcion.cl\/index.php\/wp-json\/wp\/v2\/media\/4173"}],"wp:attachment":[{"href":"https:\/\/www.bibliotecamunicipaldeconcepcion.cl\/index.php\/wp-json\/wp\/v2\/media?parent=4171"}],"wp:term":[{"taxonomy":"category","embeddable":true,"href":"https:\/\/www.bibliotecamunicipaldeconcepcion.cl\/index.php\/wp-json\/wp\/v2\/categories?post=4171"},{"taxonomy":"post_tag","embeddable":true,"href":"https:\/\/www.bibliotecamunicipaldeconcepcion.cl\/index.php\/wp-json\/wp\/v2\/tags?post=4171"}],"curies":[{"name":"wp","href":"https:\/\/api.w.org\/{rel}","templated":true}]}}