{"id":4014,"date":"2025-08-15T15:21:00","date_gmt":"2025-08-15T15:21:00","guid":{"rendered":"https:\/\/www.bibliotecamunicipaldeconcepcion.cl\/?p=4014"},"modified":"2025-08-25T18:21:14","modified_gmt":"2025-08-25T18:21:14","slug":"jose-maza-sancho-cautiva-a-concepcion-con-su-charla-sobre-el-universo","status":"publish","type":"post","link":"https:\/\/www.bibliotecamunicipaldeconcepcion.cl\/index.php\/2025\/08\/15\/jose-maza-sancho-cautiva-a-concepcion-con-su-charla-sobre-el-universo\/","title":{"rendered":"Jos\u00e9 Maza Sancho cautiva a Concepci\u00f3n con su charla sobre el universo"},"content":{"rendered":"\n<p><em>Concepci\u00f3n, 9 de agosto de 2025<\/em> \u2013 Con un auditorio repleto y gran entusiasmo del p\u00fablico, el destacado astr\u00f3nomo, acad\u00e9mico y divulgador cient\u00edfico chileno <strong>Jos\u00e9 Maza Sancho<\/strong> ofreci\u00f3 una inspiradora presentaci\u00f3n en la <strong>Biblioteca Municipal de Concepci\u00f3n<\/strong>, en el marco de una actividad organizada por el equipo de <strong>Bookfail<\/strong>.<\/p>\n\n\n\n<p>La charla, que tuvo lugar la tarde del s\u00e1bado 9 de agosto, abord\u00f3 temas clave sobre el universo, la exploraci\u00f3n espacial y el rol de la ciencia en la sociedad actual. Con su caracter\u00edstico estilo cercano y apasionado, el profesor Maza logr\u00f3 conectar con asistentes de todas las edades, despertando curiosidad y asombro en torno a las grandes preguntas de la astronom\u00eda moderna.<\/p>\n\n\n\n<p>\u00abEs fundamental que la ciencia est\u00e9 al alcance de todos. Vivimos en un pa\u00eds que mira las estrellas, y debemos aprender a comprenderlas\u00bb, se\u00f1al\u00f3 Maza durante su intervenci\u00f3n, que combin\u00f3 datos cient\u00edficos, an\u00e9cdotas hist\u00f3ricas y reflexiones sobre el futuro de la humanidad m\u00e1s all\u00e1 de la Tierra.<\/p>\n\n\n\n<p>La actividad fue organizada por el equipo de <strong>Bookfail<\/strong>, una iniciativa local que promueve la divulgaci\u00f3n cient\u00edfica y cultural en espacios accesibles para la comunidad. \u201cTener al profesor Maza en Concepci\u00f3n ha sido un privilegio. Su trabajo inspira a nuevas generaciones de estudiantes y amantes de la ciencia\u201d, comentaron desde la organizaci\u00f3n.<\/p>\n\n\n\n<p>El evento concluy\u00f3 con una ronda de preguntas y una firma de libros, donde los asistentes pudieron compartir personalmente con el astr\u00f3nomo, reafirmando el impacto que su labor tiene en la formaci\u00f3n del pensamiento cr\u00edtico y cient\u00edfico en el pa\u00eds.<\/p>\n","protected":false},"excerpt":{"rendered":"<p>Concepci\u00f3n, 9 de agosto de 2025 \u2013 Con un auditorio repleto y gran entusiasmo del p\u00fablico, el destacado astr\u00f3nomo, acad\u00e9mico y divulgador cient\u00edfico chileno Jos\u00e9 Maza<span class=\"excerpt-hellip\"> [\u2026]<\/span><\/p>\n","protected":false},"author":1,"featured_media":4017,"comment_status":"closed","ping_status":"closed","sticky":false,"template":"","format":"standard","meta":{"footnotes":""},"categories":[1],"tags":[],"class_list":["post-4014","post","type-post","status-publish","format-standard","has-post-thumbnail","hentry","category-sin-categoria"],"_links":{"self":[{"href":"https:\/\/www.bibliotecamunicipaldeconcepcion.cl\/index.php\/wp-json\/wp\/v2\/posts\/4014","targetHints":{"allow":["GET"]}}],"collection":[{"href":"https:\/\/www.bibliotecamunicipaldeconcepcion.cl\/index.php\/wp-json\/wp\/v2\/posts"}],"about":[{"href":"https:\/\/www.bibliotecamunicipaldeconcepcion.cl\/index.php\/wp-json\/wp\/v2\/types\/post"}],"author":[{"embeddable":true,"href":"https:\/\/www.bibliotecamunicipaldeconcepcion.cl\/index.php\/wp-json\/wp\/v2\/users\/1"}],"replies":[{"embeddable":true,"href":"https:\/\/www.bibliotecamunicipaldeconcepcion.cl\/index.php\/wp-json\/wp\/v2\/comments?post=4014"}],"version-history":[{"count":1,"href":"https:\/\/www.bibliotecamunicipaldeconcepcion.cl\/index.php\/wp-json\/wp\/v2\/posts\/4014\/revisions"}],"predecessor-version":[{"id":4016,"href":"https:\/\/www.bibliotecamunicipaldeconcepcion.cl\/index.php\/wp-json\/wp\/v2\/posts\/4014\/revisions\/4016"}],"wp:featuredmedia":[{"embeddable":true,"href":"https:\/\/www.bibliotecamunicipaldeconcepcion.cl\/index.php\/wp-json\/wp\/v2\/media\/4017"}],"wp:attachment":[{"href":"https:\/\/www.bibliotecamunicipaldeconcepcion.cl\/index.php\/wp-json\/wp\/v2\/media?parent=4014"}],"wp:term":[{"taxonomy":"category","embeddable":true,"href":"https:\/\/www.bibliotecamunicipaldeconcepcion.cl\/index.php\/wp-json\/wp\/v2\/categories?post=4014"},{"taxonomy":"post_tag","embeddable":true,"href":"https:\/\/www.bibliotecamunicipaldeconcepcion.cl\/index.php\/wp-json\/wp\/v2\/tags?post=4014"}],"curies":[{"name":"wp","href":"https:\/\/api.w.org\/{rel}","templated":true}]}}