{"id":3974,"date":"2025-03-10T15:19:16","date_gmt":"2025-03-10T15:19:16","guid":{"rendered":"https:\/\/www.bibliotecamunicipaldeconcepcion.cl\/?p=3974"},"modified":"2025-06-10T15:24:39","modified_gmt":"2025-06-10T15:24:39","slug":"unanuevaoportunidad-rosio-fernandez-relanza-su-novela-tu-voz-en-mi-alma-en-la-biblioteca-municipal-de-concepcion","status":"publish","type":"post","link":"https:\/\/www.bibliotecamunicipaldeconcepcion.cl\/index.php\/2025\/03\/10\/unanuevaoportunidad-rosio-fernandez-relanza-su-novela-tu-voz-en-mi-alma-en-la-biblioteca-municipal-de-concepcion\/","title":{"rendered":"#UnaNuevaOportunidad: Rosio Fern\u00e1ndez relanza su novela \u201cTu voz en mi alma\u201d en la Biblioteca Municipal de Concepci\u00f3n"},"content":{"rendered":"\n<p>La Biblioteca Municipal de Concepci\u00f3n tiene el agrado de invitarles cordialmente al relanzamiento del libro <em>\u201cTu voz en mi alma\u201d<\/em> de la escritora local Rosio Fern\u00e1ndez, a realizarse el s\u00e1bado 29 de marzo a las 11:30 horas en nuestras dependencias. Esta actividad forma parte de nuestro compromiso por dar visibilidad a la literatura emergente de nuestra regi\u00f3n y, en este caso particular, tambi\u00e9n a las segundas oportunidades.<\/p>\n\n\n\n<p>Este evento tiene una carga simb\u00f3lica y emocional especial. El pasado 7 de marzo, la autora realiz\u00f3 un primer intento de lanzamiento de su obra, sin embargo, nadie asisti\u00f3. Ese doloroso momento fue compartido por Rosio en un emotivo video que subi\u00f3 a redes sociales, el cual r\u00e1pidamente se viraliz\u00f3, convirti\u00e9ndose en noticia en diversos medios tanto nacionales como internacionales.<\/p>\n\n\n\n<p>Lo que comenz\u00f3 como una triste an\u00e9cdota se transform\u00f3 en una paradoja esperanzadora: el video toc\u00f3 miles de corazones y posicion\u00f3 a Rosio como una voz nueva que merece ser escuchada. Hoy, tras ese inesperado giro del destino, regresa con fuerza para reencontrarse con su comunidad lectora.<\/p>\n\n\n\n<p><em>\u201cTu voz en mi alma\u201d<\/em> es una novela de fan fiction cargada de emociones, donde la protagonista vive una intensa y apasionada historia junto al reconocido cantante espa\u00f1ol Pablo Albor\u00e1n. Una narrativa vibrante y honesta, nacida desde la admiraci\u00f3n y la sensibilidad de una autora que, gracias a la fuerza de las redes y el cari\u00f1o del p\u00fablico, ha encontrado su lugar en el panorama literario.<\/p>\n\n\n\n<p>Les invitamos a ser parte de esta nueva oportunidad. Porque como la vida misma, siempre hay espacio para comenzar de nuevo.<\/p>\n\n\n\n<p>S\u00e1bado 29 de marzo a las &nbsp;11:30 horas<br>Biblioteca Municipal de Concepci\u00f3n.<\/p>\n","protected":false},"excerpt":{"rendered":"<p>La Biblioteca Municipal de Concepci\u00f3n tiene el agrado de invitarles cordialmente al relanzamiento del libro \u201cTu voz en mi alma\u201d de la escritora local Rosio Fern\u00e1ndez,<span class=\"excerpt-hellip\"> [\u2026]<\/span><\/p>\n","protected":false},"author":1,"featured_media":3977,"comment_status":"closed","ping_status":"closed","sticky":false,"template":"","format":"standard","meta":{"footnotes":""},"categories":[9,1],"tags":[84,82,79,81,80],"class_list":["post-3974","post","type-post","status-publish","format-standard","has-post-thumbnail","hentry","category-actividades-bibjtm","category-sin-categoria","tag-escritora-chilena","tag-pablo-alboran","tag-presentacion-libro","tag-rosio-fernandez","tag-tu-voz-en-mi-alma"],"_links":{"self":[{"href":"https:\/\/www.bibliotecamunicipaldeconcepcion.cl\/index.php\/wp-json\/wp\/v2\/posts\/3974","targetHints":{"allow":["GET"]}}],"collection":[{"href":"https:\/\/www.bibliotecamunicipaldeconcepcion.cl\/index.php\/wp-json\/wp\/v2\/posts"}],"about":[{"href":"https:\/\/www.bibliotecamunicipaldeconcepcion.cl\/index.php\/wp-json\/wp\/v2\/types\/post"}],"author":[{"embeddable":true,"href":"https:\/\/www.bibliotecamunicipaldeconcepcion.cl\/index.php\/wp-json\/wp\/v2\/users\/1"}],"replies":[{"embeddable":true,"href":"https:\/\/www.bibliotecamunicipaldeconcepcion.cl\/index.php\/wp-json\/wp\/v2\/comments?post=3974"}],"version-history":[{"count":1,"href":"https:\/\/www.bibliotecamunicipaldeconcepcion.cl\/index.php\/wp-json\/wp\/v2\/posts\/3974\/revisions"}],"predecessor-version":[{"id":3976,"href":"https:\/\/www.bibliotecamunicipaldeconcepcion.cl\/index.php\/wp-json\/wp\/v2\/posts\/3974\/revisions\/3976"}],"wp:featuredmedia":[{"embeddable":true,"href":"https:\/\/www.bibliotecamunicipaldeconcepcion.cl\/index.php\/wp-json\/wp\/v2\/media\/3977"}],"wp:attachment":[{"href":"https:\/\/www.bibliotecamunicipaldeconcepcion.cl\/index.php\/wp-json\/wp\/v2\/media?parent=3974"}],"wp:term":[{"taxonomy":"category","embeddable":true,"href":"https:\/\/www.bibliotecamunicipaldeconcepcion.cl\/index.php\/wp-json\/wp\/v2\/categories?post=3974"},{"taxonomy":"post_tag","embeddable":true,"href":"https:\/\/www.bibliotecamunicipaldeconcepcion.cl\/index.php\/wp-json\/wp\/v2\/tags?post=3974"}],"curies":[{"name":"wp","href":"https:\/\/api.w.org\/{rel}","templated":true}]}}