{"id":3970,"date":"2024-12-26T20:40:03","date_gmt":"2024-12-26T20:40:03","guid":{"rendered":"https:\/\/www.bibliotecamunicipaldeconcepcion.cl\/?p=3970"},"modified":"2025-06-09T22:08:54","modified_gmt":"2025-06-09T22:08:54","slug":"biblioteca-municipal-de-concepcion-y-campana-regala-un-libro-regala-una-sonrisa","status":"publish","type":"post","link":"https:\/\/www.bibliotecamunicipaldeconcepcion.cl\/index.php\/2024\/12\/26\/biblioteca-municipal-de-concepcion-y-campana-regala-un-libro-regala-una-sonrisa\/","title":{"rendered":"Biblioteca Municipal de Concepci\u00f3n  y Campa\u00f1a \u00abRegala un Libro, Regala una Sonrisa\u00bb."},"content":{"rendered":"\n<p>La Biblioteca Municipal desarroll\u00f3 una campa\u00f1a solidaria, <strong>\u00abRegala un libro, regala una sonrisa\u00bb<\/strong>, una iniciativa que busc\u00f3 recolectar libros infantiles y juveniles en buen estado para ser donados a ni\u00f1os que viven en casas de acogida.<\/p>\n\n\n\n<p>El objetivo de la campa\u00f1a es acercar el maravilloso mundo de la lectura a quienes m\u00e1s lo necesitan, brind\u00e1ndoles un espacio de alegr\u00eda y aprendizaje a trav\u00e9s de historias que inspiran y transforman. Cada libro donado fue un regalo que contribuir\u00e1 a iluminar la vida de un ni\u00f1o.<\/p>\n\n\n\n<p><strong>\u00ab<\/strong>Estamos convencidos de que la lectura tiene el poder de cambiar vidas y abrir horizontes. Con esta campa\u00f1a llevamos un mensaje de esperanza y solidaridad a los ni\u00f1os que residen en casas de acogida\u00bb, expres\u00f3 Boris M\u00e1rquez Ochoa, director de la Biblioteca Municipal.<\/p>\n\n\n\n<p>Esta campa\u00f1a es un llamado a la solidaridad y al compromiso social de los habitantes de Concepci\u00f3n, para quienes se espera una respuesta entusiasta y generosa.<\/p>\n\n\n\n<p><strong>Porque cada libro cuenta y cada sonrisa importa, te invitamos a ser parte de esta hermosa causa.<\/strong><\/p>\n","protected":false},"excerpt":{"rendered":"<p>La Biblioteca Municipal desarroll\u00f3 una campa\u00f1a solidaria, \u00abRegala un libro, regala una sonrisa\u00bb, una iniciativa que busc\u00f3 recolectar libros infantiles y juveniles en buen estado para<span class=\"excerpt-hellip\"> [\u2026]<\/span><\/p>\n","protected":false},"author":1,"featured_media":3971,"comment_status":"closed","ping_status":"closed","sticky":false,"template":"","format":"standard","meta":{"footnotes":""},"categories":[1],"tags":[78,76,77],"class_list":["post-3970","post","type-post","status-publish","format-standard","has-post-thumbnail","hentry","category-sin-categoria","tag-biblioteca-de-concepcion","tag-campana-navidad","tag-donacion-de-libros"],"_links":{"self":[{"href":"https:\/\/www.bibliotecamunicipaldeconcepcion.cl\/index.php\/wp-json\/wp\/v2\/posts\/3970","targetHints":{"allow":["GET"]}}],"collection":[{"href":"https:\/\/www.bibliotecamunicipaldeconcepcion.cl\/index.php\/wp-json\/wp\/v2\/posts"}],"about":[{"href":"https:\/\/www.bibliotecamunicipaldeconcepcion.cl\/index.php\/wp-json\/wp\/v2\/types\/post"}],"author":[{"embeddable":true,"href":"https:\/\/www.bibliotecamunicipaldeconcepcion.cl\/index.php\/wp-json\/wp\/v2\/users\/1"}],"replies":[{"embeddable":true,"href":"https:\/\/www.bibliotecamunicipaldeconcepcion.cl\/index.php\/wp-json\/wp\/v2\/comments?post=3970"}],"version-history":[{"count":1,"href":"https:\/\/www.bibliotecamunicipaldeconcepcion.cl\/index.php\/wp-json\/wp\/v2\/posts\/3970\/revisions"}],"predecessor-version":[{"id":3972,"href":"https:\/\/www.bibliotecamunicipaldeconcepcion.cl\/index.php\/wp-json\/wp\/v2\/posts\/3970\/revisions\/3972"}],"wp:featuredmedia":[{"embeddable":true,"href":"https:\/\/www.bibliotecamunicipaldeconcepcion.cl\/index.php\/wp-json\/wp\/v2\/media\/3971"}],"wp:attachment":[{"href":"https:\/\/www.bibliotecamunicipaldeconcepcion.cl\/index.php\/wp-json\/wp\/v2\/media?parent=3970"}],"wp:term":[{"taxonomy":"category","embeddable":true,"href":"https:\/\/www.bibliotecamunicipaldeconcepcion.cl\/index.php\/wp-json\/wp\/v2\/categories?post=3970"},{"taxonomy":"post_tag","embeddable":true,"href":"https:\/\/www.bibliotecamunicipaldeconcepcion.cl\/index.php\/wp-json\/wp\/v2\/tags?post=3970"}],"curies":[{"name":"wp","href":"https:\/\/api.w.org\/{rel}","templated":true}]}}