{"id":3739,"date":"2023-11-28T16:01:03","date_gmt":"2023-11-28T16:01:03","guid":{"rendered":"https:\/\/www.bibliotecamunicipaldeconcepcion.cl\/?p=3739"},"modified":"2023-11-28T16:02:03","modified_gmt":"2023-11-28T16:02:03","slug":"exito-floral-en-la-66-exposicion-en-la-biblioteca-municipal-de-concepcion-2","status":"publish","type":"post","link":"https:\/\/www.bibliotecamunicipaldeconcepcion.cl\/index.php\/2023\/11\/28\/exito-floral-en-la-66-exposicion-en-la-biblioteca-municipal-de-concepcion-2\/","title":{"rendered":"ANIVERSARIO DE LA BIBLIOTECA MUNICIPAL DE CONCEPCI\u00d3N"},"content":{"rendered":"<p><strong>CELEBRACI\u00d3N DEL CUADRAG\u00c9SIMO ANIVERSARIO DE LA BIBLIOTECA MUNICIPAL DE CONCEPCI\u00d3N \u00abJOS\u00c9 TORIBIO MEDINA\u00bb EN SU EDIFICIO ACTUAL.<\/strong> <\/p>\n<p>La Biblioteca Municipal de Concepci\u00f3n &quot;Jos\u00e9 Toribio Medina&quot; celebra con orgullo su cuadrag\u00e9simo aniversario en su moderno y hermoso edificio, ubicado en V\u00edctor Lamas 615 y que fue inaugurado en 1983. Durante estas cuatro d\u00e9cadas, la biblioteca se ha convertido en un pilar fundamental de la cultura y la educaci\u00f3n en la ciudad de Concepci\u00f3n y sus alrededores.<\/p>\n<p>La ceremonia de conmemoraci\u00f3n, cont\u00f3 con la distinguida presencia de diversas autoridades, entre ellas el Alcalde y Presidente del Directorio de la Corporaci\u00f3n Social y Cultural de Concepci\u00f3n &#8211; SEMCO, \u00c1lvaro Ortiz Vera, as\u00ed como el Secretario General de la misma corporaci\u00f3n, Armando Cartes Montory. Boris M\u00e1rquez Ochoa, Director de la Biblioteca Municipal de Concepci\u00f3n, tambi\u00e9n estuvo presente en este emotivo evento.<\/p>\n<p>Uno de los momentos m\u00e1s destacados de la celebraci\u00f3n fue la participaci\u00f3n de C\u00e9sar Palacios Montti, constructor civil y jefe de obra que, con dedicaci\u00f3n y esmero, llev\u00f3 a cabo la construcci\u00f3n de este ic\u00f3nico edificio. Palacios se mostr\u00f3 emocionado y agradecido por el reconocimiento que le fue entregado de manos de funcionarios de la Biblioteca Municipal. Durante su intervenci\u00f3n, comparti\u00f3 c\u00f3mo, junto al arquitecto Eugenio Pumarino, planificaron la construcci\u00f3n de este espacio que ha servido a la comunidad durante d\u00e9cadas.<\/p>\n<p>Por su parte, el director Boris M\u00e1rquez destac\u00f3 el papel fundamental de la biblioteca en la promoci\u00f3n del acceso a la educaci\u00f3n y el fomento de la lectura para todos los habitantes de la regi\u00f3n. Desde su apertura, la biblioteca se ha convertido en un lugar de encuentro para los amantes de los libros, un refugio para aquellos que buscan conocimiento y un espacio abierto para la imaginaci\u00f3n y la creatividad de todos.<\/p>\n<p>En el marco de esta celebraci\u00f3n, el director present\u00f3 su libro &quot;Discurso hist\u00f3rico sobre el arte tipogr\u00e1fico en la ciudad de Concepci\u00f3n, desde su introducci\u00f3n en 1822 hasta el terremoto de 1939&quot;. Gracias al financiamiento del Ministerio de las Culturas, las Artes y el Patrimonio, este libro se presenta en formato impreso y est\u00e1 disponible para ser descargado de forma gratuita en el portal web del Archivo Hist\u00f3rico de Concepci\u00f3n.<\/p>\n<p>Esta celebraci\u00f3n tambi\u00e9n fue una oportunidad para recordar la rica historia de la Biblioteca Municipal de Concepci\u00f3n, que se remonta a 1882 con el nombramiento del primer director bibliotecario, don Manuel Valenzuela Ortiz, un periodista y poeta de renombre en la ciudad.<br \/>\nLa biblioteca sufri\u00f3 momentos dif\u00edciles, como su cierre durante la revoluci\u00f3n de 1891. Sin embargo, en 1949, gracias a la gesti\u00f3n del Alcalde y profesor Gast\u00f3n Bianchi Oyarz\u00fan, se cre\u00f3 la \u201cBiblioteca Popular de Concepci\u00f3n\u201d en un edificio destinado al Mercado, marcando un hito en su evoluci\u00f3n. En 1952, en conmemoraci\u00f3n del centenario del nacimiento del bibli\u00f3filo nacional Jos\u00e9 Toribio Medina, se acord\u00f3 bautizar la biblioteca p\u00fablica con su nombre, en reconocimiento a su destacada labor.<\/p>\n<p>El Alcalde \u00c1lvaro Ortiz Vera destac\u00f3 la importancia estrat\u00e9gica de la biblioteca en la ciudad y enfatiz\u00f3 su compromiso como un centro de informaci\u00f3n accesible y abierto para todas las personas. Subray\u00f3 c\u00f3mo esta instituci\u00f3n se proyecta hacia el futuro gracias a la colaboraci\u00f3n de sus trabajadores y trabajadoras, quienes d\u00eda a d\u00eda contribuyen a la cultura y difusi\u00f3n del conocimiento en la comunidad.<\/p>\n<p>La voz de los usuarios tambi\u00e9n se hizo presente en esta celebraci\u00f3n. Mario Godoy expres\u00f3: &quot;Esta biblioteca es un espacio muy querido, ya que permite el desarrollo de tantas iniciativas de fomento lector que sin duda se puede considerar como un indispensable de nuestra ciudad. Es un lugar del que todos podemos sentirnos acogidos y orgullosos, digno de ser visitado por los turistas que llegan hasta Concepci\u00f3n&quot;.<\/p>\n<p>La Biblioteca Municipal de Concepci\u00f3n &quot;Jos\u00e9 Toribio Medina&quot; agradece a la comunidad por su apoyo constante a lo largo de estos 40 a\u00f1os y reafirma su compromiso de seguir siendo un espacio de enriquecimiento cultural y educativo para todos y todas.<\/p>\n","protected":false},"excerpt":{"rendered":"<p>CELEBRACI\u00d3N DEL CUADRAG\u00c9SIMO ANIVERSARIO DE LA BIBLIOTECA MUNICIPAL DE CONCEPCI\u00d3N \u00abJOS\u00c9 TORIBIO MEDINA\u00bb EN SU EDIFICIO ACTUAL. La Biblioteca Municipal de Concepci\u00f3n &quot;Jos\u00e9 Toribio Medina&quot; celebra<span class=\"excerpt-hellip\"> [\u2026]<\/span><\/p>\n","protected":false},"author":1,"featured_media":3740,"comment_status":"closed","ping_status":"closed","sticky":false,"template":"","format":"image","meta":{"footnotes":""},"categories":[10,1],"tags":[],"class_list":["post-3739","post","type-post","status-publish","format-image","has-post-thumbnail","hentry","category-articulos","category-sin-categoria","post_format-post-format-image"],"_links":{"self":[{"href":"https:\/\/www.bibliotecamunicipaldeconcepcion.cl\/index.php\/wp-json\/wp\/v2\/posts\/3739","targetHints":{"allow":["GET"]}}],"collection":[{"href":"https:\/\/www.bibliotecamunicipaldeconcepcion.cl\/index.php\/wp-json\/wp\/v2\/posts"}],"about":[{"href":"https:\/\/www.bibliotecamunicipaldeconcepcion.cl\/index.php\/wp-json\/wp\/v2\/types\/post"}],"author":[{"embeddable":true,"href":"https:\/\/www.bibliotecamunicipaldeconcepcion.cl\/index.php\/wp-json\/wp\/v2\/users\/1"}],"replies":[{"embeddable":true,"href":"https:\/\/www.bibliotecamunicipaldeconcepcion.cl\/index.php\/wp-json\/wp\/v2\/comments?post=3739"}],"version-history":[{"count":3,"href":"https:\/\/www.bibliotecamunicipaldeconcepcion.cl\/index.php\/wp-json\/wp\/v2\/posts\/3739\/revisions"}],"predecessor-version":[{"id":3743,"href":"https:\/\/www.bibliotecamunicipaldeconcepcion.cl\/index.php\/wp-json\/wp\/v2\/posts\/3739\/revisions\/3743"}],"wp:featuredmedia":[{"embeddable":true,"href":"https:\/\/www.bibliotecamunicipaldeconcepcion.cl\/index.php\/wp-json\/wp\/v2\/media\/3740"}],"wp:attachment":[{"href":"https:\/\/www.bibliotecamunicipaldeconcepcion.cl\/index.php\/wp-json\/wp\/v2\/media?parent=3739"}],"wp:term":[{"taxonomy":"category","embeddable":true,"href":"https:\/\/www.bibliotecamunicipaldeconcepcion.cl\/index.php\/wp-json\/wp\/v2\/categories?post=3739"},{"taxonomy":"post_tag","embeddable":true,"href":"https:\/\/www.bibliotecamunicipaldeconcepcion.cl\/index.php\/wp-json\/wp\/v2\/tags?post=3739"}],"curies":[{"name":"wp","href":"https:\/\/api.w.org\/{rel}","templated":true}]}}