{"id":3700,"date":"2023-11-28T14:21:16","date_gmt":"2023-11-28T14:21:16","guid":{"rendered":"https:\/\/www.bibliotecamunicipaldeconcepcion.cl\/?p=3700"},"modified":"2023-11-28T16:12:34","modified_gmt":"2023-11-28T16:12:34","slug":"charla-transhumanismo-en-la-era-de-la-inteligencia-artificial","status":"publish","type":"post","link":"https:\/\/www.bibliotecamunicipaldeconcepcion.cl\/index.php\/2023\/11\/28\/charla-transhumanismo-en-la-era-de-la-inteligencia-artificial\/","title":{"rendered":"\u00abBiob\u00edo: Crisol de Culturas\u00bb &#8211; Una Oda a la Identidad y Cultura Regional"},"content":{"rendered":"<p>La ciudad de Concepci\u00f3n se enorgullece en anunciar la presentaci\u00f3n del libro <strong>\u00abBiob\u00edo: Crisol de Culturas\u00bb<\/strong>  , una obra que examina de manera detallada la rica historia, identidad y valores culturales que han forjado la regi\u00f3n del Biob\u00edo a lo largo de los a\u00f1os. El autor, el Sr. Armando Cartes Montory, Secretario General de la Corporaci\u00f3n SEMCO, quien ha desempe\u00f1ado un papel fundamental en la gesti\u00f3n de diversas unidades culturales y sociales, incluida la Biblioteca Municipal de Concepci\u00f3n.<\/p>\n<p>El libro, presentado  en un evento que cont\u00f3 con la presencia de destacadas personalidades y autoridades locales, se ha convertido en una referencia vital para comprender la historia y la diversidad cultural del Biob\u00edo. La obra destaca la labor del Dr. Armando Cartes Montory, cuyo compromiso con la preservaci\u00f3n y promoci\u00f3n de la cultura regional ha sido fundamental para el enriquecimiento del patrimonio cultural de la zona.<\/p>\n<p>En palabras del Dr. Cartes, \u00abBiob\u00edo: Crisol de Culturas\u00bb es m\u00e1s que un libro, es un testimonio de la riqueza cultural que define a nuestra regi\u00f3n. \u00abA trav\u00e9s de estas p\u00e1ginas, buscamos rescatar y celebrar las historias, tradiciones y contribuciones de las diversas comunidades que han dado forma al Biob\u00edo a lo largo del tiempo\u00bb, afirm\u00f3 durante la presentaci\u00f3n.<\/p>\n<p>El libro ha recibido elogios por parte de la comunidad acad\u00e9mica, as\u00ed como del Gobierno Regional, que ha celebrado el lanzamiento como un hito importante en la promoci\u00f3n de la identidad regional. El evento de presentaci\u00f3n cont\u00f3 con la presencia de autoridades locales, acad\u00e9micos y ciudadanos interesados en conocer m\u00e1s sobre la rica historia del Biob\u00edo.<\/p>\n<p>La Corporaci\u00f3n SEMCO, bajo la direcci\u00f3n del Dr. Armando Cartes Montory, ha demostrado un compromiso continuo con el desarrollo cultural y social de la regi\u00f3n. La Biblioteca Municipal de Concepci\u00f3n, una de las unidades administradas por SEMCO, ha sido un espacio fundamental para la promoci\u00f3n de la lectura, la investigaci\u00f3n y la preservaci\u00f3n del patrimonio literario de la comunidad.<\/p>\n<p>\u00abBiob\u00edo: Crisol de Culturas\u00bb est\u00e1 disponible para el p\u00fablico en general y se espera que sea una fuente invaluable para acad\u00e9micos, estudiantes y amantes de la cultura interesados en explorar la riqueza hist\u00f3rica y cultural del Biob\u00edo.<\/p>\n","protected":false},"excerpt":{"rendered":"<p>La ciudad de Concepci\u00f3n se enorgullece en anunciar la presentaci\u00f3n del libro \u00abBiob\u00edo: Crisol de Culturas\u00bb , una obra que examina de manera detallada la rica<span class=\"excerpt-hellip\"> [\u2026]<\/span><\/p>\n","protected":false},"author":1,"featured_media":3746,"comment_status":"closed","ping_status":"closed","sticky":false,"template":"","format":"image","meta":{"footnotes":""},"categories":[10,1],"tags":[],"class_list":["post-3700","post","type-post","status-publish","format-image","has-post-thumbnail","hentry","category-articulos","category-sin-categoria","post_format-post-format-image"],"_links":{"self":[{"href":"https:\/\/www.bibliotecamunicipaldeconcepcion.cl\/index.php\/wp-json\/wp\/v2\/posts\/3700","targetHints":{"allow":["GET"]}}],"collection":[{"href":"https:\/\/www.bibliotecamunicipaldeconcepcion.cl\/index.php\/wp-json\/wp\/v2\/posts"}],"about":[{"href":"https:\/\/www.bibliotecamunicipaldeconcepcion.cl\/index.php\/wp-json\/wp\/v2\/types\/post"}],"author":[{"embeddable":true,"href":"https:\/\/www.bibliotecamunicipaldeconcepcion.cl\/index.php\/wp-json\/wp\/v2\/users\/1"}],"replies":[{"embeddable":true,"href":"https:\/\/www.bibliotecamunicipaldeconcepcion.cl\/index.php\/wp-json\/wp\/v2\/comments?post=3700"}],"version-history":[{"count":6,"href":"https:\/\/www.bibliotecamunicipaldeconcepcion.cl\/index.php\/wp-json\/wp\/v2\/posts\/3700\/revisions"}],"predecessor-version":[{"id":3747,"href":"https:\/\/www.bibliotecamunicipaldeconcepcion.cl\/index.php\/wp-json\/wp\/v2\/posts\/3700\/revisions\/3747"}],"wp:featuredmedia":[{"embeddable":true,"href":"https:\/\/www.bibliotecamunicipaldeconcepcion.cl\/index.php\/wp-json\/wp\/v2\/media\/3746"}],"wp:attachment":[{"href":"https:\/\/www.bibliotecamunicipaldeconcepcion.cl\/index.php\/wp-json\/wp\/v2\/media?parent=3700"}],"wp:term":[{"taxonomy":"category","embeddable":true,"href":"https:\/\/www.bibliotecamunicipaldeconcepcion.cl\/index.php\/wp-json\/wp\/v2\/categories?post=3700"},{"taxonomy":"post_tag","embeddable":true,"href":"https:\/\/www.bibliotecamunicipaldeconcepcion.cl\/index.php\/wp-json\/wp\/v2\/tags?post=3700"}],"curies":[{"name":"wp","href":"https:\/\/api.w.org\/{rel}","templated":true}]}}