{"id":2040,"date":"2019-06-28T21:55:25","date_gmt":"2019-06-28T21:55:25","guid":{"rendered":"http:\/\/www.bibliotecamunicipaldeconcepcion.cl\/?p=2040"},"modified":"2019-06-28T21:55:25","modified_gmt":"2019-06-28T21:55:25","slug":"un-invierno-para-jugar-con-las-manos-talleres-y-actividades-en-biblioteca-municipal-de-concepcion","status":"publish","type":"post","link":"https:\/\/www.bibliotecamunicipaldeconcepcion.cl\/index.php\/2019\/06\/28\/un-invierno-para-jugar-con-las-manos-talleres-y-actividades-en-biblioteca-municipal-de-concepcion\/","title":{"rendered":"Un invierno para jugar con las manos: talleres y actividades en Biblioteca Municipal de Concepci\u00f3n"},"content":{"rendered":"<p>Por Roc\u00edo Valenzuela C.<\/p>\n<p style=\"text-align: justify;\">El invierno llega y no sabemos qu\u00e9 hacer. Sacamos de pronto las mantas del ba\u00fal, nos sentamos frente a la estufa y sintonizamos alguna<br \/>\npel\u00edcula de los noventa en la televisi\u00f3n. Es una estaci\u00f3n del a\u00f1o que, adem\u00e1s de propiciar los (re)encuentros, nos ofrece la posibilidad de retomar lecturas pendientes, pasatiempos, dff. Es una oportunidad de volver a conectar con el cuerpo antes de volver al ritmo ajetreado de la ciudad.<\/p>\n<p style=\"text-align: justify;\">Las redes sociales son una herramienta \u00fatil que, sin embargo, estanca a los usuarios. Son horas interminables siguiendo la vida de los dem\u00e1s a trav\u00e9s de unos click. Horas muertas que nadie nos reembolsara. Pero esto se puede arreglar por medio de las manos. Est\u00e1 comprobado que gran parte de las actividades manuales ayudan a combatir la depresi\u00f3n y reducen la ansiedad. As\u00ed pues, no se pueden negar las cualidades terapeuticas de ocupaciones como la cocina, que estimula los cinco sentidos, o la jardiner\u00eda, que permite fortalecer los m\u00fasculos y las articulaciones.<\/p>\n<p style=\"text-align: justify;\">Por esta raz\u00f3n, la extensi\u00f3n cultural de la Biblioteca Municipal de Concepci\u00f3n, llamada Akademia, impartir\u00e1 nuevamente talleres de invierno. Tenemos diversas actividades para ni\u00f1os, adolescentes y adultos. El precio, vale mencionar, es de 5.000 pesos por hora, y los cupos son limitados. Te facilitamos a continuaci\u00f3n la informaci\u00f3n:<\/p>\n<p><strong>Desde los 4 a\u00f1os:\u00a0<\/strong><\/p>\n<p><img loading=\"lazy\" decoding=\"async\" class=\"aligncenter wp-image-2042 size-full\" src=\"http:\/\/www.bibliotecamunicipaldeconcepcion.cl\/wp-content\/uploads\/2019\/06\/page11.jpg\" alt=\"\" width=\"800\" height=\"800\" srcset=\"https:\/\/www.bibliotecamunicipaldeconcepcion.cl\/wp-content\/uploads\/2019\/06\/page11.jpg 800w, https:\/\/www.bibliotecamunicipaldeconcepcion.cl\/wp-content\/uploads\/2019\/06\/page11-150x150.jpg 150w, https:\/\/www.bibliotecamunicipaldeconcepcion.cl\/wp-content\/uploads\/2019\/06\/page11-300x300.jpg 300w, https:\/\/www.bibliotecamunicipaldeconcepcion.cl\/wp-content\/uploads\/2019\/06\/page11-768x768.jpg 768w, https:\/\/www.bibliotecamunicipaldeconcepcion.cl\/wp-content\/uploads\/2019\/06\/page11-146x146.jpg 146w, https:\/\/www.bibliotecamunicipaldeconcepcion.cl\/wp-content\/uploads\/2019\/06\/page11-50x50.jpg 50w, https:\/\/www.bibliotecamunicipaldeconcepcion.cl\/wp-content\/uploads\/2019\/06\/page11-75x75.jpg 75w, https:\/\/www.bibliotecamunicipaldeconcepcion.cl\/wp-content\/uploads\/2019\/06\/page11-85x85.jpg 85w, https:\/\/www.bibliotecamunicipaldeconcepcion.cl\/wp-content\/uploads\/2019\/06\/page11-80x80.jpg 80w\" sizes=\"auto, (max-width:767px) 700px, (max-width:800px) 100vw, 800px\" \/><\/p>\n<p>-Marcap\u00e1ginas de telar (impartido por la artista visual, Daniela Carrasco)<br \/>\n-Dibujemos con hilo (impartido por la artista visual, Daniela Carrasco)<br \/>\n-Estampemos nuestros timbres (impartido por la artista visual, Daniela Carrasco)<br \/>\n-Cocina entretenida (impartido por la educadora de nuestra biblioteca, Evelyn Chac\u00f3n)<br \/>\n-Bordado para ni\u00f1os (impartido por la artista visual, Daniela Carrasco)<\/p>\n<p>&nbsp;<\/p>\n<p><strong>Desde los 7 a\u00f1os<\/strong><\/p>\n<p><img loading=\"lazy\" decoding=\"async\" class=\"aligncenter wp-image-2043 size-full\" src=\"http:\/\/www.bibliotecamunicipaldeconcepcion.cl\/wp-content\/uploads\/2019\/06\/page2.jpg\" alt=\"\" width=\"800\" height=\"400\" srcset=\"https:\/\/www.bibliotecamunicipaldeconcepcion.cl\/wp-content\/uploads\/2019\/06\/page2.jpg 800w, https:\/\/www.bibliotecamunicipaldeconcepcion.cl\/wp-content\/uploads\/2019\/06\/page2-300x150.jpg 300w, https:\/\/www.bibliotecamunicipaldeconcepcion.cl\/wp-content\/uploads\/2019\/06\/page2-768x384.jpg 768w, https:\/\/www.bibliotecamunicipaldeconcepcion.cl\/wp-content\/uploads\/2019\/06\/page2-260x130.jpg 260w, https:\/\/www.bibliotecamunicipaldeconcepcion.cl\/wp-content\/uploads\/2019\/06\/page2-50x25.jpg 50w, https:\/\/www.bibliotecamunicipaldeconcepcion.cl\/wp-content\/uploads\/2019\/06\/page2-150x75.jpg 150w\" sizes=\"auto, (max-width:767px) 700px, (max-width:800px) 100vw, 800px\" \/><\/p>\n<p style=\"text-align: justify;\">-Comics (impartido por la artista visual, Pamela Gonz\u00e1lez)<br \/>\n-Taller expreso, siento y creo (impartido por la actriz, Constanza Escudero)<br \/>\n-Lustraci\u00f3n (impartido por la artista visual, Pamela Gonz\u00e1lez)<\/p>\n<p><strong>Desde los 12 a\u00f1os:\u00a0<\/strong><\/p>\n<p><img loading=\"lazy\" decoding=\"async\" class=\"aligncenter wp-image-2044 size-full\" src=\"http:\/\/www.bibliotecamunicipaldeconcepcion.cl\/wp-content\/uploads\/2019\/06\/page3.jpg\" alt=\"\" width=\"800\" height=\"800\" srcset=\"https:\/\/www.bibliotecamunicipaldeconcepcion.cl\/wp-content\/uploads\/2019\/06\/page3.jpg 800w, https:\/\/www.bibliotecamunicipaldeconcepcion.cl\/wp-content\/uploads\/2019\/06\/page3-150x150.jpg 150w, https:\/\/www.bibliotecamunicipaldeconcepcion.cl\/wp-content\/uploads\/2019\/06\/page3-300x300.jpg 300w, https:\/\/www.bibliotecamunicipaldeconcepcion.cl\/wp-content\/uploads\/2019\/06\/page3-768x768.jpg 768w, https:\/\/www.bibliotecamunicipaldeconcepcion.cl\/wp-content\/uploads\/2019\/06\/page3-146x146.jpg 146w, https:\/\/www.bibliotecamunicipaldeconcepcion.cl\/wp-content\/uploads\/2019\/06\/page3-50x50.jpg 50w, https:\/\/www.bibliotecamunicipaldeconcepcion.cl\/wp-content\/uploads\/2019\/06\/page3-75x75.jpg 75w, https:\/\/www.bibliotecamunicipaldeconcepcion.cl\/wp-content\/uploads\/2019\/06\/page3-85x85.jpg 85w, https:\/\/www.bibliotecamunicipaldeconcepcion.cl\/wp-content\/uploads\/2019\/06\/page3-80x80.jpg 80w\" sizes=\"auto, (max-width:767px) 700px, (max-width:800px) 100vw, 800px\" \/><\/p>\n<p>-Encuadernaci\u00f3n japonesa (impartido por la dise\u00f1adora gr\u00e1fica, Renata Cifuentes)<br \/>\n-Taller de encuadernaci\u00f3n (impartido por la dise\u00f1adora gr\u00e1fica, Renata Cifuentes)<br \/>\n-Taller mu\u00f1ecos de fieltro (impartido por la dise\u00f1adora gr\u00e1fica, Renata Cifuentes)<\/p>\n<p>&nbsp;<\/p>\n<p>Destacan de la agenda program\u00e1tica del mes de junio, la Feria Educaci\u00f3n Alternativa (s\u00e1bado 6, de 11:00 a 19:00 hrs.), el Club Feminista de Mujeres Lectoras (lunes 8, a las 18:30 hrs.), la Presentaci\u00f3n del libro <em>Muerte en la historia, filosof\u00eda y literatura<\/em> (jueves 11 a las 18:30 hrs.), la Muestra rob\u00f3tica Academia Cero (viernes 12, de 14:00 a 19:00 hrs.), el Show magia y literatura (viernes 19 y s\u00e1bado 27) y Expo Star Wars (s\u00e1bado de 09:00 a 19:00 hrs).<\/p>\n<p>&nbsp;<\/p>\n","protected":false},"excerpt":{"rendered":"<p>Por Roc\u00edo Valenzuela C. El invierno llega y no sabemos qu\u00e9 hacer. Sacamos de pronto las mantas del ba\u00fal, nos sentamos frente a la estufa y<span class=\"excerpt-hellip\"> [\u2026]<\/span><\/p>\n","protected":false},"author":1,"featured_media":0,"comment_status":"closed","ping_status":"closed","sticky":false,"template":"","format":"standard","meta":{"footnotes":""},"categories":[1],"tags":[],"class_list":["post-2040","post","type-post","status-publish","format-standard","hentry","category-sin-categoria"],"_links":{"self":[{"href":"https:\/\/www.bibliotecamunicipaldeconcepcion.cl\/index.php\/wp-json\/wp\/v2\/posts\/2040","targetHints":{"allow":["GET"]}}],"collection":[{"href":"https:\/\/www.bibliotecamunicipaldeconcepcion.cl\/index.php\/wp-json\/wp\/v2\/posts"}],"about":[{"href":"https:\/\/www.bibliotecamunicipaldeconcepcion.cl\/index.php\/wp-json\/wp\/v2\/types\/post"}],"author":[{"embeddable":true,"href":"https:\/\/www.bibliotecamunicipaldeconcepcion.cl\/index.php\/wp-json\/wp\/v2\/users\/1"}],"replies":[{"embeddable":true,"href":"https:\/\/www.bibliotecamunicipaldeconcepcion.cl\/index.php\/wp-json\/wp\/v2\/comments?post=2040"}],"version-history":[{"count":1,"href":"https:\/\/www.bibliotecamunicipaldeconcepcion.cl\/index.php\/wp-json\/wp\/v2\/posts\/2040\/revisions"}],"predecessor-version":[{"id":2045,"href":"https:\/\/www.bibliotecamunicipaldeconcepcion.cl\/index.php\/wp-json\/wp\/v2\/posts\/2040\/revisions\/2045"}],"wp:attachment":[{"href":"https:\/\/www.bibliotecamunicipaldeconcepcion.cl\/index.php\/wp-json\/wp\/v2\/media?parent=2040"}],"wp:term":[{"taxonomy":"category","embeddable":true,"href":"https:\/\/www.bibliotecamunicipaldeconcepcion.cl\/index.php\/wp-json\/wp\/v2\/categories?post=2040"},{"taxonomy":"post_tag","embeddable":true,"href":"https:\/\/www.bibliotecamunicipaldeconcepcion.cl\/index.php\/wp-json\/wp\/v2\/tags?post=2040"}],"curies":[{"name":"wp","href":"https:\/\/api.w.org\/{rel}","templated":true}]}}