{"id":1850,"date":"2019-05-09T17:14:19","date_gmt":"2019-05-09T17:14:19","guid":{"rendered":"http:\/\/www.bibliotecamunicipaldeconcepcion.cl\/?p=1850"},"modified":"2019-05-10T22:16:20","modified_gmt":"2019-05-10T22:16:20","slug":"primera-mujer-galardonada-con-el-premio-nacional-de-historia-presenta-su-libro-en-concepcion","status":"publish","type":"post","link":"https:\/\/www.bibliotecamunicipaldeconcepcion.cl\/index.php\/2019\/05\/09\/primera-mujer-galardonada-con-el-premio-nacional-de-historia-presenta-su-libro-en-concepcion\/","title":{"rendered":"Primera mujer galardonada con el Premio Nacional de Historia presenta su libro en Concepci\u00f3n"},"content":{"rendered":"<p><span style=\"font-size: 10pt; font-family: arial, helvetica, sans-serif;\">Por Roc\u00edo Valenzuela<\/span><\/p>\n<h3 style=\"text-align: justify;\"><span style=\"font-family: arial, helvetica, sans-serif;\">La historiadora chilena y recientemente premiada por el Estado, Sol Serrano, ense\u00f1\u00f3 el lunes pasado su m\u00e1s reciente obra <em>El liceo<\/em> en la Biblioteca Municipal de Concepci\u00f3n.<\/span><\/h3>\n<p style=\"text-align: justify;\"><span style=\"font-family: arial, helvetica, sans-serif; font-size: 12pt;\">Hija de una escritora de la generaci\u00f3n del 50 y de un ensayista que incursion\u00f3 a\u00f1os antes en los terrenos de la ingenier\u00eda, <strong>Sol Serrano se consagra en la actualidad no s\u00f3lo como una de las voces m\u00e1s l\u00facidas y cr\u00edticas de la historiograf\u00eda chilena<\/strong>, sino tambi\u00e9n como una figura relevante para las Ciencias de la Educaci\u00f3n. En su \u00faltimo libro, de hecho, aborda lo anteriormente mencionado: <strong>la era dorada del liceo<\/strong>, que inicia en los a\u00f1os treinta y se extiende hasta los sesenta.<\/span><\/p>\n<div id=\"attachment_1856\" style=\"width: 970px\" class=\"wp-caption aligncenter\"><img loading=\"lazy\" decoding=\"async\" aria-describedby=\"caption-attachment-1856\" class=\"wp-image-1856\" src=\"http:\/\/www.bibliotecamunicipaldeconcepcion.cl\/wp-content\/uploads\/2019\/05\/IMG_9884.jpg\" alt=\"\" width=\"960\" height=\"640\" srcset=\"https:\/\/www.bibliotecamunicipaldeconcepcion.cl\/wp-content\/uploads\/2019\/05\/IMG_9884.jpg 5184w, https:\/\/www.bibliotecamunicipaldeconcepcion.cl\/wp-content\/uploads\/2019\/05\/IMG_9884-300x200.jpg 300w, https:\/\/www.bibliotecamunicipaldeconcepcion.cl\/wp-content\/uploads\/2019\/05\/IMG_9884-768x512.jpg 768w, https:\/\/www.bibliotecamunicipaldeconcepcion.cl\/wp-content\/uploads\/2019\/05\/IMG_9884-1024x683.jpg 1024w, https:\/\/www.bibliotecamunicipaldeconcepcion.cl\/wp-content\/uploads\/2019\/05\/IMG_9884-219x146.jpg 219w, https:\/\/www.bibliotecamunicipaldeconcepcion.cl\/wp-content\/uploads\/2019\/05\/IMG_9884-50x33.jpg 50w, https:\/\/www.bibliotecamunicipaldeconcepcion.cl\/wp-content\/uploads\/2019\/05\/IMG_9884-113x75.jpg 113w\" sizes=\"auto, (max-width:767px) 700px, (max-width:960px) 100vw, 960px\" \/><p id=\"caption-attachment-1856\" class=\"wp-caption-text\">Armando Cartes junto a Sol Serrano durante el lanzamiento del libro <em>El Liceo<\/em>.<\/p><\/div>\n<p style=\"text-align: justify;\"><span style=\"font-family: arial, helvetica, sans-serif; font-size: 12pt;\">Resulta sugerente preguntarse por qu\u00e9 la obra de Serrano, que fue publicada a principios del 2018, reaparece y despierta el mismo inter\u00e9s que antes. <strong>Se trata de un ensayo que, pese a trabajar en un marcado intervalo de tiempo, se mantiene en la memoria por el car\u00e1cter atemporal de su relato<\/strong>. Dicho de otra manera, el an\u00e1lisis que la<\/span><span style=\"font-family: arial, helvetica, sans-serif; font-size: 12pt;\"> autora entrega no s\u00f3lo funciona como una gu\u00eda de consulta que almacena datos relativos a las distintas formas de organizaci\u00f3n de los liceos de ese entonces, sino tambi\u00e9n como una herramienta para posicionarse pol\u00edticamente a partir del entendimiento del pasado.<\/span><\/p>\n<p style=\"text-align: justify;\"><span style=\"font-family: arial, helvetica, sans-serif; font-size: 12pt;\">Una de las cosas que propone Serrano es <strong>repensar el sistema educacional y fortalecer su car\u00e1cter p\u00fablico, mirando hacia atr\u00e1s, pero sin retornar a los confines de ese primer liceo de \u00e9lite y nacionalista<\/strong>. Sobre esto, Serrano se refiere a la relaci\u00f3n entre liceo y nacionalismo, argumentando que, si bien \u201cse ha sostenido que las escuelas han sido las grandes generadoras del nacionalismo, hay que ver que son distintos los casos europeos y norteamericanos a los nuestros\u201d. Sin negar, por ejemplo, que \u201cen los mismos liceos se tuvo que reglamentar porque los estudiantes no se sab\u00edan la letra de la canci\u00f3n nacional en 1930\u201d, Serrano es enf\u00e1tica al se\u00f1alar que aquella es una relaci\u00f3n que es necesario historizar, \u201cmirar emp\u00edricamente\u201d.<\/span><\/p>\n<p><img loading=\"lazy\" decoding=\"async\" class=\"alignnone wp-image-1858\" src=\"http:\/\/www.bibliotecamunicipaldeconcepcion.cl\/wp-content\/uploads\/2019\/05\/IMG_9861-1024x683.jpg\" alt=\"\" width=\"960\" height=\"640\" srcset=\"https:\/\/www.bibliotecamunicipaldeconcepcion.cl\/wp-content\/uploads\/2019\/05\/IMG_9861-1024x683.jpg 1024w, https:\/\/www.bibliotecamunicipaldeconcepcion.cl\/wp-content\/uploads\/2019\/05\/IMG_9861-300x200.jpg 300w, https:\/\/www.bibliotecamunicipaldeconcepcion.cl\/wp-content\/uploads\/2019\/05\/IMG_9861-768x512.jpg 768w, https:\/\/www.bibliotecamunicipaldeconcepcion.cl\/wp-content\/uploads\/2019\/05\/IMG_9861-219x146.jpg 219w, https:\/\/www.bibliotecamunicipaldeconcepcion.cl\/wp-content\/uploads\/2019\/05\/IMG_9861-50x33.jpg 50w, https:\/\/www.bibliotecamunicipaldeconcepcion.cl\/wp-content\/uploads\/2019\/05\/IMG_9861-113x75.jpg 113w\" sizes=\"auto, (max-width:767px) 700px, (max-width:960px) 100vw, 960px\" \/><\/p>\n<p style=\"text-align: justify;\"><span style=\"font-family: arial, helvetica, sans-serif; font-size: 12pt;\">Finalmente, el director del Archivo Hist\u00f3rico de Concepci\u00f3n y compa\u00f1ero de disciplina de Serrano, <strong>Armando Cartes<\/strong>, anunci\u00f3 -antes de concluir la grata sesi\u00f3n- que la estancia de Serrano en la Regi\u00f3n se prolongar\u00eda hasta el d\u00eda siguiente, pues entre sus planes estaba visitar el Archivo del Arzobispado de Concepci\u00f3n.<\/span><\/p>\n","protected":false},"excerpt":{"rendered":"<p>Por Roc\u00edo Valenzuela La historiadora chilena y recientemente premiada por el Estado, Sol Serrano, ense\u00f1\u00f3 el lunes pasado su m\u00e1s reciente obra El liceo en la<span class=\"excerpt-hellip\"> [\u2026]<\/span><\/p>\n","protected":false},"author":1,"featured_media":1855,"comment_status":"closed","ping_status":"closed","sticky":false,"template":"","format":"standard","meta":{"footnotes":""},"categories":[10,1],"tags":[42,11,31,39,40,29,41,38],"class_list":["post-1850","post","type-post","status-publish","format-standard","has-post-thumbnail","hentry","category-articulos","category-sin-categoria","tag-armando-cartes","tag-biblioteca-municipal-de-concepcion","tag-educacion","tag-el-liceo","tag-historiadora","tag-pedagogia","tag-premio-nacional-de-historia","tag-sol-serrano"],"_links":{"self":[{"href":"https:\/\/www.bibliotecamunicipaldeconcepcion.cl\/index.php\/wp-json\/wp\/v2\/posts\/1850","targetHints":{"allow":["GET"]}}],"collection":[{"href":"https:\/\/www.bibliotecamunicipaldeconcepcion.cl\/index.php\/wp-json\/wp\/v2\/posts"}],"about":[{"href":"https:\/\/www.bibliotecamunicipaldeconcepcion.cl\/index.php\/wp-json\/wp\/v2\/types\/post"}],"author":[{"embeddable":true,"href":"https:\/\/www.bibliotecamunicipaldeconcepcion.cl\/index.php\/wp-json\/wp\/v2\/users\/1"}],"replies":[{"embeddable":true,"href":"https:\/\/www.bibliotecamunicipaldeconcepcion.cl\/index.php\/wp-json\/wp\/v2\/comments?post=1850"}],"version-history":[{"count":6,"href":"https:\/\/www.bibliotecamunicipaldeconcepcion.cl\/index.php\/wp-json\/wp\/v2\/posts\/1850\/revisions"}],"predecessor-version":[{"id":1929,"href":"https:\/\/www.bibliotecamunicipaldeconcepcion.cl\/index.php\/wp-json\/wp\/v2\/posts\/1850\/revisions\/1929"}],"wp:featuredmedia":[{"embeddable":true,"href":"https:\/\/www.bibliotecamunicipaldeconcepcion.cl\/index.php\/wp-json\/wp\/v2\/media\/1855"}],"wp:attachment":[{"href":"https:\/\/www.bibliotecamunicipaldeconcepcion.cl\/index.php\/wp-json\/wp\/v2\/media?parent=1850"}],"wp:term":[{"taxonomy":"category","embeddable":true,"href":"https:\/\/www.bibliotecamunicipaldeconcepcion.cl\/index.php\/wp-json\/wp\/v2\/categories?post=1850"},{"taxonomy":"post_tag","embeddable":true,"href":"https:\/\/www.bibliotecamunicipaldeconcepcion.cl\/index.php\/wp-json\/wp\/v2\/tags?post=1850"}],"curies":[{"name":"wp","href":"https:\/\/api.w.org\/{rel}","templated":true}]}}