{"id":4153,"date":"2026-04-25T12:40:00","date_gmt":"2026-04-25T12:40:00","guid":{"rendered":"https:\/\/www.bibliotecamunicipaldeconcepcion.cl\/?p=4153"},"modified":"2026-04-27T13:42:53","modified_gmt":"2026-04-27T13:42:53","slug":"biblioteca-municipal-de-concepcion-celebro-lagran-liberacion-de-libros-2026","status":"publish","type":"post","link":"http:\/\/www.bibliotecamunicipaldeconcepcion.cl\/index.php\/2026\/04\/25\/biblioteca-municipal-de-concepcion-celebro-lagran-liberacion-de-libros-2026\/","title":{"rendered":"Biblioteca Municipal de Concepci\u00f3n celebr\u00f3 laGran Liberaci\u00f3n de Libros 2026"},"content":{"rendered":"\n<p>En una cita que convoc\u00f3 a cerca de dos mil personas, la Biblioteca Municipal de<br>Concepci\u00f3n cerr\u00f3 de manera exitosa la segunda edici\u00f3n de la \u201cGran Liberaci\u00f3n de Libros\u201d,<br>realizada este s\u00e1bado 25 de abril.<br>La expectaci\u00f3n fue palpable, con asistentes de todas las edades que se fueron<br>congregando alrededor de la Biblioteca desde cerca de las siete de la ma\u00f1ana, a pesar del<br>fr\u00edo, generando una fila que casi llegaba a la Avenida Chacabuco.<br>Todas las personas que llegaron al evento pudieron disfrutar de la selecci\u00f3n de m\u00e1s de<br>ocho mil libros ofrecidos por la Biblioteca, agotando el stock en tan solo tres horas y media.<br>Consolidando as\u00ed a la \u201cGran Liberaci\u00f3n de Libros 2026\u201d como el evento de liberaci\u00f3n m\u00e1s<br>grande del sur de Chile.<br>El director de la Biblioteca, Sr. Boris M\u00e1rquez, valor\u00f3 el desarrollo del evento y destac\u00f3 su<br>convocatoria: \u201cEstamos muy contentos con nuestra comunidad penquista, que estuvo<br>presente primero entregando estos ocho mil libros y luego retir\u00e1ndolos. Lleg\u00f3 gente de Los<br>\u00c1ngeles, Chiguayante, Coronel, Lota, Penco, Tom\u00e9 y de toda la conurbaci\u00f3n, que estuvieron<br>con nosotros acompa\u00f1\u00e1ndonos\u201d.<br>Los participantes tambi\u00e9n valoraron positivamente la instancia: \u201cEstuvo entretenido, igual es<br>bueno porque los libros son reciclados, y as\u00ed la gente puede leer y darles una nueva vida\u201d.<br>De esta manera, se reafirma la pasi\u00f3n de la comunidad penquista por la lectura y la<br>literatura, y el compromiso de la Biblioteca Municipal de Concepci\u00f3n como espacio p\u00fablico<br>al servicio de la cultura y el fomento lector.<\/p>\n","protected":false},"excerpt":{"rendered":"<p>En una cita que convoc\u00f3 a cerca de dos mil personas, la Biblioteca Municipal deConcepci\u00f3n cerr\u00f3 de manera exitosa la segunda edici\u00f3n de la \u201cGran Liberaci\u00f3n<span class=\"excerpt-hellip\"> [\u2026]<\/span><\/p>\n","protected":false},"author":1,"featured_media":4154,"comment_status":"closed","ping_status":"closed","sticky":false,"template":"","format":"standard","meta":{"footnotes":""},"categories":[1],"tags":[],"class_list":["post-4153","post","type-post","status-publish","format-standard","has-post-thumbnail","hentry","category-sin-categoria"],"_links":{"self":[{"href":"http:\/\/www.bibliotecamunicipaldeconcepcion.cl\/index.php\/wp-json\/wp\/v2\/posts\/4153","targetHints":{"allow":["GET"]}}],"collection":[{"href":"http:\/\/www.bibliotecamunicipaldeconcepcion.cl\/index.php\/wp-json\/wp\/v2\/posts"}],"about":[{"href":"http:\/\/www.bibliotecamunicipaldeconcepcion.cl\/index.php\/wp-json\/wp\/v2\/types\/post"}],"author":[{"embeddable":true,"href":"http:\/\/www.bibliotecamunicipaldeconcepcion.cl\/index.php\/wp-json\/wp\/v2\/users\/1"}],"replies":[{"embeddable":true,"href":"http:\/\/www.bibliotecamunicipaldeconcepcion.cl\/index.php\/wp-json\/wp\/v2\/comments?post=4153"}],"version-history":[{"count":1,"href":"http:\/\/www.bibliotecamunicipaldeconcepcion.cl\/index.php\/wp-json\/wp\/v2\/posts\/4153\/revisions"}],"predecessor-version":[{"id":4155,"href":"http:\/\/www.bibliotecamunicipaldeconcepcion.cl\/index.php\/wp-json\/wp\/v2\/posts\/4153\/revisions\/4155"}],"wp:featuredmedia":[{"embeddable":true,"href":"http:\/\/www.bibliotecamunicipaldeconcepcion.cl\/index.php\/wp-json\/wp\/v2\/media\/4154"}],"wp:attachment":[{"href":"http:\/\/www.bibliotecamunicipaldeconcepcion.cl\/index.php\/wp-json\/wp\/v2\/media?parent=4153"}],"wp:term":[{"taxonomy":"category","embeddable":true,"href":"http:\/\/www.bibliotecamunicipaldeconcepcion.cl\/index.php\/wp-json\/wp\/v2\/categories?post=4153"},{"taxonomy":"post_tag","embeddable":true,"href":"http:\/\/www.bibliotecamunicipaldeconcepcion.cl\/index.php\/wp-json\/wp\/v2\/tags?post=4153"}],"curies":[{"name":"wp","href":"https:\/\/api.w.org\/{rel}","templated":true}]}}