{"id":4091,"date":"2026-01-14T11:04:14","date_gmt":"2026-01-14T11:04:14","guid":{"rendered":"https:\/\/www.bibliotecamunicipaldeconcepcion.cl\/?p=4091"},"modified":"2026-04-29T15:25:07","modified_gmt":"2026-04-29T15:25:07","slug":"biblioteca-municipal-de-concepcion-celebra-exitosas-jornadas-de-fomento-lector-en-primera-infancia","status":"publish","type":"post","link":"http:\/\/www.bibliotecamunicipaldeconcepcion.cl\/index.php\/2026\/01\/14\/biblioteca-municipal-de-concepcion-celebra-exitosas-jornadas-de-fomento-lector-en-primera-infancia\/","title":{"rendered":"Biblioteca Municipal de Concepci\u00f3n celebra exitosas jornadas de fomento lector en primera infancia"},"content":{"rendered":"\n<p>Con una entusiasta participaci\u00f3n de familias y una gran acogida por parte de la comunidad, la Biblioteca Municipal de Concepci\u00f3n desarroll\u00f3 con \u00e9xito las actividades <strong>\u201cCuentos Sensoriomusicales\u201d<\/strong> y <strong>\u201cMusicuentos Creativos\u201d<\/strong>, iniciativas orientadas a fomentar el v\u00ednculo temprano con la lectura en ni\u00f1as y ni\u00f1os.<\/p>\n\n\n\n<p>\u201cCuentos Sensoriomusicales\u201d, dirigido a beb\u00e9s de 0 a 2 a\u00f1os junto a sus familias, transform\u00f3 el Rinc\u00f3n Infantil en un peque\u00f1o universo de sonidos, texturas y relatos. A trav\u00e9s de cuentos musicalizados y la exploraci\u00f3n libre de libros y elementos sensoriales, las y los participantes vivieron una experiencia \u00edntima y significativa, donde la lectura se descubri\u00f3 no solo con los ojos, sino tambi\u00e9n con las manos, los o\u00eddos y la emoci\u00f3n.<\/p>\n\n\n\n<p>Por su parte, \u201cMusicuentos Creativos\u201d, enfocado en ni\u00f1as y ni\u00f1os de 2 a 6 a\u00f1os, ofreci\u00f3 una propuesta l\u00fadica donde la narraci\u00f3n, la m\u00fasica, el juego y la creaci\u00f3n art\u00edstica se entrelazaron para dar vida a historias llenas de imaginaci\u00f3n. La actividad propici\u00f3 un espacio participativo que invit\u00f3 a las familias a compartir, explorar y expresarse en torno al libro y el arte.<\/p>\n\n\n\n<p>Las actividades fueron desarrolladas por la cuentacuentista y terapeuta ocupacional, Natacha Ulloa.<\/p>\n\n\n\n<p>Ambas instancias reafirman el compromiso de la Biblioteca Municipal de Concepci\u00f3n con el desarrollo cultural desde la primera infancia, generando espacios acogedores y significativos para el encuentro entre libros, familias y experiencias.<\/p>\n\n\n\n<p>Al respecto, Carlos Navarrete, Gestor Cultural de la Biblioteca, destac\u00f3: \u201cEs fundamental que como biblioteca impulsemos actividades que acerquen a la primera infancia al libro. Esta es una misi\u00f3n que tenemos como instituci\u00f3n, y por ello durante el a\u00f1o desarrollaremos diversas acciones que ponen el foco en este p\u00fablico, promoviendo el acceso temprano a la lectura y la cultura\u201d.<\/p>\n\n\n\n<p>La Biblioteca continuar\u00e1 fortaleciendo su programaci\u00f3n con iniciativas que inviten a descubrir la lectura desde los primeros a\u00f1os de vida, entendiendo que en esos primeros encuentros se enciende una chispa que puede acompa\u00f1ar a ni\u00f1as y ni\u00f1os para siempre.<\/p>\n","protected":false},"excerpt":{"rendered":"<p>Con una entusiasta participaci\u00f3n de familias y una gran acogida por parte de la comunidad, la Biblioteca Municipal de Concepci\u00f3n desarroll\u00f3 con \u00e9xito las actividades \u201cCuentos<span class=\"excerpt-hellip\"> [\u2026]<\/span><\/p>\n","protected":false},"author":1,"featured_media":4094,"comment_status":"closed","ping_status":"closed","sticky":false,"template":"","format":"standard","meta":{"footnotes":""},"categories":[1],"tags":[],"class_list":["post-4091","post","type-post","status-publish","format-standard","has-post-thumbnail","hentry","category-sin-categoria"],"_links":{"self":[{"href":"http:\/\/www.bibliotecamunicipaldeconcepcion.cl\/index.php\/wp-json\/wp\/v2\/posts\/4091","targetHints":{"allow":["GET"]}}],"collection":[{"href":"http:\/\/www.bibliotecamunicipaldeconcepcion.cl\/index.php\/wp-json\/wp\/v2\/posts"}],"about":[{"href":"http:\/\/www.bibliotecamunicipaldeconcepcion.cl\/index.php\/wp-json\/wp\/v2\/types\/post"}],"author":[{"embeddable":true,"href":"http:\/\/www.bibliotecamunicipaldeconcepcion.cl\/index.php\/wp-json\/wp\/v2\/users\/1"}],"replies":[{"embeddable":true,"href":"http:\/\/www.bibliotecamunicipaldeconcepcion.cl\/index.php\/wp-json\/wp\/v2\/comments?post=4091"}],"version-history":[{"count":5,"href":"http:\/\/www.bibliotecamunicipaldeconcepcion.cl\/index.php\/wp-json\/wp\/v2\/posts\/4091\/revisions"}],"predecessor-version":[{"id":4177,"href":"http:\/\/www.bibliotecamunicipaldeconcepcion.cl\/index.php\/wp-json\/wp\/v2\/posts\/4091\/revisions\/4177"}],"wp:featuredmedia":[{"embeddable":true,"href":"http:\/\/www.bibliotecamunicipaldeconcepcion.cl\/index.php\/wp-json\/wp\/v2\/media\/4094"}],"wp:attachment":[{"href":"http:\/\/www.bibliotecamunicipaldeconcepcion.cl\/index.php\/wp-json\/wp\/v2\/media?parent=4091"}],"wp:term":[{"taxonomy":"category","embeddable":true,"href":"http:\/\/www.bibliotecamunicipaldeconcepcion.cl\/index.php\/wp-json\/wp\/v2\/categories?post=4091"},{"taxonomy":"post_tag","embeddable":true,"href":"http:\/\/www.bibliotecamunicipaldeconcepcion.cl\/index.php\/wp-json\/wp\/v2\/tags?post=4091"}],"curies":[{"name":"wp","href":"https:\/\/api.w.org\/{rel}","templated":true}]}}