{"id":4085,"date":"2026-03-04T17:54:32","date_gmt":"2026-03-04T17:54:32","guid":{"rendered":"https:\/\/www.bibliotecamunicipaldeconcepcion.cl\/?p=4085"},"modified":"2026-04-29T15:23:23","modified_gmt":"2026-04-29T15:23:23","slug":"expo-tinta-y-trazos-cierra-con-masiva-convocatoria-y-proyecta-continuidad-en-la-biblioteca-municipal-de-concepcion","status":"publish","type":"post","link":"http:\/\/www.bibliotecamunicipaldeconcepcion.cl\/index.php\/2026\/03\/04\/expo-tinta-y-trazos-cierra-con-masiva-convocatoria-y-proyecta-continuidad-en-la-biblioteca-municipal-de-concepcion\/","title":{"rendered":"Expo \u201ctinta y trazos\u201d cierra con masiva convocatoria y proyecta continuidad en la Biblioteca Municipal de Concepci\u00f3n"},"content":{"rendered":"\n<p>Con una destacada participaci\u00f3n de m\u00e1s de <strong>40 expositores y expositoras<\/strong>, la exposici\u00f3n de Ilustraci\u00f3n \u201cTinta y Trazos\u201d, realizada en la<strong> <\/strong>Biblioteca Municipal de Concepci\u00f3n, concluy\u00f3 con un <strong>rotundo \u00e9xito de convocatoria<\/strong>, consolid\u00e1ndose como un espacio relevante para la difusi\u00f3n de la gr\u00e1fica local y del sur de Chile.<\/p>\n\n\n\n<p>Durante las jornadas, la feria recibi\u00f3 una <strong>gran afluencia de p\u00fablico<\/strong> que recorri\u00f3 los distintos stands y particip\u00f3 activamente en las actividades programadas, entre ellas presentaciones de fanzines, charlas y conversatorios en torno al trabajo e identidad de las y los ilustradores penquistas.<\/p>\n\n\n\n<p>El director de la biblioteca, Sr. Boris M\u00e1rquez, valor\u00f3 positivamente el desarrollo de la actividad: \u201cHa sido un gran impacto que super\u00f3 nuestras expectativas, tanto en la convocatoria de expositores como en la respuesta del p\u00fablico\u201d. Debido a este positivo resultado, desde la organizaci\u00f3n se ha decidido dar continuidad a la muestra, generando un nuevo espacio de exhibici\u00f3n durante el mes de marzo en el Espacio Semco de la biblioteca, donde se presentar\u00e1 una selecci\u00f3n representativa del trabajo de los expositores.<\/p>\n\n\n\n<p>Por su parte, el ilustrador y tambi\u00e9n organizador, Jorge Landaeta, destac\u00f3 la relevancia de este tipo de instancias: \u201cEs un espacio que se agradece, porque en Concepci\u00f3n no hay muchos lugares como este para exponer ilustraci\u00f3n de gran nivel; generalmente son espacios al aire libre, que no cuentan con las condiciones y comodidades que entrega la biblioteca\u201d.<\/p>\n\n\n\n<p>En la misma l\u00ednea, el co-organizador, Sr. Alfonso Ram\u00edrez, se\u00f1al\u00f3: \u201cSi bien, en un inicio pensamos en invitar a expositores de distintos puntos del pa\u00eds, r\u00e1pidamente nos dimos cuenta del gran talento que existe en nuestra regi\u00f3n y en el sur de Chile, territorios que muchas veces tienen poca visibilizaci\u00f3n por la falta de espacios como este. Sin duda, nuestro rol como biblioteca p\u00fablica se ve fortalecido al generar estas instancias que permiten conocer el trabajo de distintas generaciones de creadores\u201d.<\/p>\n\n\n\n<p>La exitosa realizaci\u00f3n de \u201cTinta y Trazos\u201d no solo reafirma el inter\u00e9s del p\u00fablico por la ilustraci\u00f3n y la edici\u00f3n independiente, sino que tambi\u00e9n abre la posibilidad de proyectar una <strong>segunda versi\u00f3n de la feria<\/strong>, consolidando a la Biblioteca Municipal de Concepci\u00f3n como un punto de encuentro para la creaci\u00f3n gr\u00e1fica en el sur del pa\u00eds.<\/p>\n","protected":false},"excerpt":{"rendered":"<p>Con una destacada participaci\u00f3n de m\u00e1s de 40 expositores y expositoras, la exposici\u00f3n de Ilustraci\u00f3n \u201cTinta y Trazos\u201d, realizada en la Biblioteca Municipal de Concepci\u00f3n, concluy\u00f3<span class=\"excerpt-hellip\"> [\u2026]<\/span><\/p>\n","protected":false},"author":1,"featured_media":4087,"comment_status":"closed","ping_status":"closed","sticky":false,"template":"","format":"standard","meta":{"footnotes":""},"categories":[1],"tags":[],"class_list":["post-4085","post","type-post","status-publish","format-standard","has-post-thumbnail","hentry","category-sin-categoria"],"_links":{"self":[{"href":"http:\/\/www.bibliotecamunicipaldeconcepcion.cl\/index.php\/wp-json\/wp\/v2\/posts\/4085","targetHints":{"allow":["GET"]}}],"collection":[{"href":"http:\/\/www.bibliotecamunicipaldeconcepcion.cl\/index.php\/wp-json\/wp\/v2\/posts"}],"about":[{"href":"http:\/\/www.bibliotecamunicipaldeconcepcion.cl\/index.php\/wp-json\/wp\/v2\/types\/post"}],"author":[{"embeddable":true,"href":"http:\/\/www.bibliotecamunicipaldeconcepcion.cl\/index.php\/wp-json\/wp\/v2\/users\/1"}],"replies":[{"embeddable":true,"href":"http:\/\/www.bibliotecamunicipaldeconcepcion.cl\/index.php\/wp-json\/wp\/v2\/comments?post=4085"}],"version-history":[{"count":6,"href":"http:\/\/www.bibliotecamunicipaldeconcepcion.cl\/index.php\/wp-json\/wp\/v2\/posts\/4085\/revisions"}],"predecessor-version":[{"id":4175,"href":"http:\/\/www.bibliotecamunicipaldeconcepcion.cl\/index.php\/wp-json\/wp\/v2\/posts\/4085\/revisions\/4175"}],"wp:featuredmedia":[{"embeddable":true,"href":"http:\/\/www.bibliotecamunicipaldeconcepcion.cl\/index.php\/wp-json\/wp\/v2\/media\/4087"}],"wp:attachment":[{"href":"http:\/\/www.bibliotecamunicipaldeconcepcion.cl\/index.php\/wp-json\/wp\/v2\/media?parent=4085"}],"wp:term":[{"taxonomy":"category","embeddable":true,"href":"http:\/\/www.bibliotecamunicipaldeconcepcion.cl\/index.php\/wp-json\/wp\/v2\/categories?post=4085"},{"taxonomy":"post_tag","embeddable":true,"href":"http:\/\/www.bibliotecamunicipaldeconcepcion.cl\/index.php\/wp-json\/wp\/v2\/tags?post=4085"}],"curies":[{"name":"wp","href":"https:\/\/api.w.org\/{rel}","templated":true}]}}