{"id":4071,"date":"2025-12-22T11:20:56","date_gmt":"2025-12-22T11:20:56","guid":{"rendered":"https:\/\/www.bibliotecamunicipaldeconcepcion.cl\/?p=4071"},"modified":"2026-03-12T18:39:22","modified_gmt":"2026-03-12T18:39:22","slug":"9-version-de-ceramiko-reunio-a-ceramistas-de-todo-chile-en-la-biblioteca-municipal-de-concepcion","status":"publish","type":"post","link":"http:\/\/www.bibliotecamunicipaldeconcepcion.cl\/index.php\/2025\/12\/22\/9-version-de-ceramiko-reunio-a-ceramistas-de-todo-chile-en-la-biblioteca-municipal-de-concepcion\/","title":{"rendered":"9\u00b0 versi\u00f3n de Ceramiko reuni\u00f3 a ceramistas de todo Chile en la Biblioteca Municipal de Concepci\u00f3n"},"content":{"rendered":"\n<p>Con una gran convocatoria de p\u00fablico y una amplia diversidad de obras, se realiz\u00f3 la <strong>novena versi\u00f3n de Ceramiko Navidad 2025<\/strong>, feria dedicada a la cer\u00e1mica de autor que durante tres jornadas transform\u00f3 a la Biblioteca Municipal de Concepci\u00f3n Jos\u00e9 Toribio Medina en un espacio de encuentro entre artistas y comunidad.<\/p>\n\n\n\n<p>La actividad se desarroll\u00f3 los d\u00edas <strong>19, 20 y 21 de diciembre<\/strong> en el edificio ubicado en V\u00edctor Lamas 615, congregando a m\u00e1s de &nbsp;30 ceramistas provenientes de distintas regiones del pa\u00eds, quienes presentaron nuevas colecciones y piezas \u00fanicas elaboradas completamente a mano.<\/p>\n\n\n\n<p>La muestra contempl\u00f3 <strong>objetos utilitarios y art\u00edsticos en cer\u00e1mica de alta temperatura<\/strong>, ofreciendo una variada selecci\u00f3n de obras que incluyeron desde delicadas tazas y piezas para el hogar hasta llamativos objetos art\u00edsticos y escult\u00f3ricos, reflejando la creatividad, t\u00e9cnica e identidad de cada creador.<\/p>\n\n\n\n<p>\u201cEstamos muy felices de haber llegado a esta novena versi\u00f3n. Ha sido un camino lleno de aprendizaje, creaci\u00f3n y comunidad. Cada edici\u00f3n nos recuerda lo que m\u00e1s amamos de este oficio: el encuentro entre ceramistas y el p\u00fablico visitante, quienes se maravillan con piezas \u00fanicas hechas a mano y cargadas de historia\u201d, se\u00f1al\u00f3 M\u00f3nica Rom\u00e1n, organizadora de la feria.<\/p>\n\n\n\n<p>Rom\u00e1n tambi\u00e9n valor\u00f3 el espacio que alberg\u00f3 la iniciativa. \u201cQueremos agradecer especialmente a la Biblioteca Municipal de Concepci\u00f3n por acoger nuevamente esta instancia. Despu\u00e9s de nueve versiones, podemos decir que Ceramiko ya se ha ido consagrando como un evento esperado por la comunidad y por quienes siguen el trabajo de la cer\u00e1mica de autor\u201d.<\/p>\n\n\n\n<p>El p\u00fablico asistente tambi\u00e9n destac\u00f3 la experiencia.<strong> <\/strong>Carla Acevedo, quien visit\u00f3 la feria por tercera vez, coment\u00f3 que \u201csiempre me encanta venir. Este a\u00f1o traje a mi mam\u00e1 para que pudiera conocer la feria y disfrutarla conmigo. Es una oportunidad \u00fanica para encontrar regalos de Navidad que realmente son especiales, de gran calidad y hechos de manera artesanal\u201d.<\/p>\n\n\n\n<p>A lo largo de las tres jornadas, Ceramiko Navidad ofreci\u00f3 una experiencia que combin\u00f3 arte, dise\u00f1o y tradici\u00f3n, reafirmando su car\u00e1cter como un espacio de difusi\u00f3n para el trabajo de ceramistas nacionales y como un punto de encuentro entre creadores y p\u00fablico.<\/p>\n\n\n\n<p>La novena versi\u00f3n de Ceramiko volvi\u00f3 as\u00ed a consolidarse como una de las instancias m\u00e1s importantes de exhibici\u00f3n y venta de cer\u00e1mica de autor en la ciudad de Concepci\u00f3n.<\/p>\n\n\n\n<p><\/p>\n","protected":false},"excerpt":{"rendered":"<p>Con una gran convocatoria de p\u00fablico y una amplia diversidad de obras, se realiz\u00f3 la novena versi\u00f3n de Ceramiko Navidad 2025, feria dedicada a la cer\u00e1mica<span class=\"excerpt-hellip\"> [\u2026]<\/span><\/p>\n","protected":false},"author":1,"featured_media":4073,"comment_status":"closed","ping_status":"closed","sticky":false,"template":"","format":"standard","meta":{"footnotes":""},"categories":[1],"tags":[],"class_list":["post-4071","post","type-post","status-publish","format-standard","has-post-thumbnail","hentry","category-sin-categoria"],"_links":{"self":[{"href":"http:\/\/www.bibliotecamunicipaldeconcepcion.cl\/index.php\/wp-json\/wp\/v2\/posts\/4071","targetHints":{"allow":["GET"]}}],"collection":[{"href":"http:\/\/www.bibliotecamunicipaldeconcepcion.cl\/index.php\/wp-json\/wp\/v2\/posts"}],"about":[{"href":"http:\/\/www.bibliotecamunicipaldeconcepcion.cl\/index.php\/wp-json\/wp\/v2\/types\/post"}],"author":[{"embeddable":true,"href":"http:\/\/www.bibliotecamunicipaldeconcepcion.cl\/index.php\/wp-json\/wp\/v2\/users\/1"}],"replies":[{"embeddable":true,"href":"http:\/\/www.bibliotecamunicipaldeconcepcion.cl\/index.php\/wp-json\/wp\/v2\/comments?post=4071"}],"version-history":[{"count":3,"href":"http:\/\/www.bibliotecamunicipaldeconcepcion.cl\/index.php\/wp-json\/wp\/v2\/posts\/4071\/revisions"}],"predecessor-version":[{"id":4079,"href":"http:\/\/www.bibliotecamunicipaldeconcepcion.cl\/index.php\/wp-json\/wp\/v2\/posts\/4071\/revisions\/4079"}],"wp:featuredmedia":[{"embeddable":true,"href":"http:\/\/www.bibliotecamunicipaldeconcepcion.cl\/index.php\/wp-json\/wp\/v2\/media\/4073"}],"wp:attachment":[{"href":"http:\/\/www.bibliotecamunicipaldeconcepcion.cl\/index.php\/wp-json\/wp\/v2\/media?parent=4071"}],"wp:term":[{"taxonomy":"category","embeddable":true,"href":"http:\/\/www.bibliotecamunicipaldeconcepcion.cl\/index.php\/wp-json\/wp\/v2\/categories?post=4071"},{"taxonomy":"post_tag","embeddable":true,"href":"http:\/\/www.bibliotecamunicipaldeconcepcion.cl\/index.php\/wp-json\/wp\/v2\/tags?post=4071"}],"curies":[{"name":"wp","href":"https:\/\/api.w.org\/{rel}","templated":true}]}}